{"id":5600,"date":"2025-05-14T12:24:22","date_gmt":"2025-05-14T10:24:22","guid":{"rendered":"https:\/\/eliso.io\/partner\/?p=5600"},"modified":"2025-11-11T13:29:39","modified_gmt":"2025-11-11T12:29:39","slug":"eliso-eroeffnet-ersten-deutschlandnetz-standort","status":"publish","type":"post","link":"https:\/\/eliso.io\/partner\/eliso-eroeffnet-ersten-deutschlandnetz-standort\/","title":{"rendered":"eliso er\u00f6ffnet ersten Deutschlandnetz-Standort"},"content":{"rendered":"<div class=\"gb-container gb-container-2f91916e\">\n<div class=\"gb-container gb-container-817d552d\">\n\n<div class=\"wp-block-group\"><div class=\"wp-block-group__inner-container is-layout-constrained wp-block-group-is-layout-constrained\">\n<p class=\"wp-block-paragraph\"><strong><strong><strong><strong><strong><strong><strong><strong><strong>Der Ladehub in Georgsmarienh\u00fctte ist der erste von insgesamt 110 Standorten, f\u00fcr die der Ladeinfrastruktur-Spezialist eliso den Zuschlag in der Deutschlandnetz-Ausschreibung erhalten hat.<\/strong><\/strong><\/strong><\/strong><\/strong><\/strong><\/strong><\/strong><\/strong><\/p>\n\n\n\n<p class=\"wp-block-paragraph\">eliso hat als Tochterunternehmen von VINCI Concessions bei der Ausschreibung des Bundesministeriums f\u00fcr Verkehr (BMV) zum Deutschlandnetz den Zuschlag f\u00fcr drei Regionallose erhalten und \u00fcbernimmt damit die Installation und den Betrieb von 824 Schnellladepunkten f\u00fcr Elektroautos an 110 Standorten in Nord-, Ost- und Mitteldeutschland. In den vergangenen Monaten hat das Unternehmen intensiv hunderte potenzielle Standorte f\u00fcr das Deutschlandnetz gepr\u00fcft. Nun hat eliso die ersten acht ultra-schnellen 400kW-Ladepunkte in Georgsmarienh\u00fctte in Betrieb genommen.<\/p>\n\n\n\n<p class=\"wp-block-paragraph\">\u201eMit der Er\u00f6ffnung unseres ersten Standorts im Deutschlandnetz setzen wir ein Zeichen f\u00fcr die Zukunft der Elektromobilit\u00e4t\u201c, sagt Robert Straube, seit 2024 zweiter Gesch\u00e4ftsf\u00fchrer von eliso. \u201eUnser Ziel ist es, das Schnellladenetz kontinuierlich auszubauen und die Ladeinfrastruktur fl\u00e4chendeckend zu st\u00e4rken.\u201c<\/p>\n\n\n\n<p class=\"wp-block-paragraph\">In Georgsmarienh\u00fctte, rund 10 Kilometer s\u00fcdlich von Osnabr\u00fcck, stehen ab sofort an der Malberger Stra\u00dfe kurz nach Stadteinfahrt vier Hypercharger mit acht Schnellladepunkten und einer Ladeleistung von jeweils bis zu 400 kW zur Verf\u00fcgung, wobei ein spezieller Ladeplatz auch f\u00fcr Transporter vorgesehen ist. Patrick Schnieder, Bundesminister f\u00fcr Verkehr: \u201eDie Er\u00f6ffnung in Georgsmarienh\u00fctte ist ein greifbares Beispiel daf\u00fcr, wie das Deutschlandnetz L\u00fccken schlie\u00dft \u2013 auch abseits der gro\u00dfen Ballungsr\u00e4ume. Genau solche Standorte brauchen wir, um Alltagstauglichkeit und Vertrauen in die Elektromobilit\u00e4t weiter zu st\u00e4rken. Unser Ziel: Jederzeit und \u00fcberall schnell laden.\u201c<\/p>\n\n\n\n<div style=\"height:100px\" aria-hidden=\"true\" class=\"wp-block-spacer\"><\/div>\n\n\n<div class=\"gb-container gb-container-bf9a1fb0\">\n<div class=\"gb-container gb-container-1f63ccfc\">\n<div class=\"gb-container gb-container-9b879f5f\">\n\n<figure class=\"gb-block-image gb-block-image-ec7b05e2\"><img decoding=\"async\" class=\"gb-image gb-image-ec7b05e2\" src=\"https:\/\/eliso.io\/partner\/wp-content\/uploads\/2025\/05\/Pressefoto_Georgsmarienhuette-scaled.jpg\" alt=\"\" title=\"Pressefoto_Georgsmarienh\u00fctte\"\/>\n<figcaption class=\"gb-headline gb-headline-8945e6ff gb-headline-text\"><em>v.l.n.r. PR-Verantwortliche bei eliso Josefin Link, Managing Director Deutschlandnetz bei eliso Bj\u00f6rn Lindner, Founder and CEO von eliso Johannes Brodf\u00fchrer, CEO von eliso Robert Straube, B\u00fcrgermeisterin von Georgsmarienh\u00fctte Dagmar Bahlo, Fachbereich Public Sector &amp; Affairs der Toll Collect GmbH Laura Arzt, Program Director Deutschlandnetz Amadeus Regerbis <\/em><\/figcaption>\n<\/figure>\n\n<\/div>\n<\/div>\n<\/div>\n\n\n<div style=\"height:100px\" aria-hidden=\"true\" class=\"wp-block-spacer\"><\/div>\n\n\n\n<p class=\"wp-block-paragraph\">Der neue Ladehub in Georgsmarienh\u00fctte ist bereits der zweite Schnelllade-Standort, den eliso in Niedersachsen er\u00f6ffnet. Von nun an k\u00f6nnen E-Autofahrer an den verkehrsg\u00fcnstig gelegenen Schnellladepunkten in der N\u00e4he der Bundesstra\u00dfe 51 komfortabel und dank 100 Prozent \u00d6kostrom nachhaltig laden. Durch ein integriertes Display und ein Kreditkarten-Terminal ist die Bezahlung kontaktlos und bargeldlos per Kreditkarte oder per App und Ladekarte m\u00f6glich.<\/p>\n\n\n\n<p class=\"wp-block-paragraph\">Die Umsetzung des Gesamtprojekts wird durch eine gr\u00fcne Finanzierung in H\u00f6he von 130 Millionen Euro gesichert, die VINCI Concessions speziell f\u00fcr das Deutschlandnetz-Projekt bereitgestellt wird. Das Gesamtinvestitionsvolumen bel\u00e4uft sich f\u00fcr VINCI Concessions auf 200 Millionen Euro.<\/p>\n\n\n\n<p class=\"wp-block-paragraph\">Johannes Pallasch, Leiter und Sprecher der Nationalen Leitstelle Ladeinfrastruktur in der NOW GmbH, freut sich \u00fcber die gelungene Umsetzung: \u201eIn Georgsmarienh\u00fctte ist heute ultraschnelles Laden m\u00f6glich &#8211; ein Beispiel daf\u00fcr, wie gut das Zusammenspiel von Bund, Betreiber und Leitstelle funktioniert. Der Standort belegt, wie gezielt und bedarfsgerecht Ladeinfrastruktur inzwischen geplant und realisiert wird.\u201c<\/p>\n\n\n\n<p class=\"wp-block-paragraph\">Auch au\u00dferhalb des Deutschlandnetzes arbeitet eliso t\u00e4glich am Ausbau eines Ultra-Schnellladenetzes. Aktuell sind 80 Standorte bei eliso in der Umsetzungsplanung und es sind weitere Inbetriebnahmen in den kommenden Monaten geplant.<\/p>\n<\/div><\/div>\n\n<\/div>\n\n<div class=\"gb-container gb-container-dbbd1e05\">\n\n<div class=\"wp-block-group\"><div class=\"wp-block-group__inner-container is-layout-constrained wp-block-group-is-layout-constrained\">\n<p class=\"wp-block-paragraph\"><strong>Pressekontakt eliso<\/strong><\/p>\n\n\n\n<p class=\"wp-block-paragraph\">Alice Baumbusch<br>echolot public relations<br>baumbusch@echolot-pr.de<br>+49 160 6192248<\/p>\n<\/div><\/div>\n\n<\/div>\n\n<div class=\"gb-container gb-container-fefb1277\"><\/div>\n\n<div class=\"gb-container gb-container-68ed87c1 closing-section\">\n<div class=\"gb-container gb-container-f2c5488d\">\n\n<hr class=\"wp-block-separator has-text-color has-brand-color-1-color has-alpha-channel-opacity has-brand-color-1-background-color has-background is-style-wide\"\/>\n\n<\/div>\n\n<div class=\"gb-container gb-container-6c805a65\">\n\n<h2 class=\"gb-headline gb-headline-cce11f85 gb-headline-text\">Erhalten Sie Neuigkeiten \u00fcber das Ladenetz von eliso. <br>Folgen Sie uns auf Social Media.<\/h2>\n\n<\/div>\n\n<div class=\"gb-container gb-container-ae4b2084 social-link-container\">\n<div class=\"gb-grid-wrapper gb-grid-wrapper-8cd30e6c\">\n<div class=\"gb-grid-column gb-grid-column-5169a459\"><div class=\"gb-container gb-container-5169a459\">\n\n<figure class=\"wp-block-image size-full\"><a href=\"https:\/\/www.facebook.com\/elisoGmbH\/\"><img loading=\"lazy\" decoding=\"async\" width=\"40\" height=\"40\" src=\"https:\/\/eliso.io\/wp-content\/uploads\/2023\/09\/Pfad-479.png\" alt=\"\" class=\"wp-image-497\"\/><\/a><\/figure>\n\n<\/div><\/div>\n\n<div class=\"gb-grid-column gb-grid-column-321c496a\"><div class=\"gb-container gb-container-321c496a\">\n\n<figure class=\"wp-block-image size-full\"><a href=\"https:\/\/www.instagram.com\/eliso_gmbh\/?hl=de\"><img loading=\"lazy\" decoding=\"async\" width=\"40\" height=\"40\" src=\"https:\/\/eliso.io\/wp-content\/uploads\/2023\/09\/Pfad-480.png\" alt=\"\" class=\"wp-image-498\"\/><\/a><\/figure>\n\n<\/div><\/div>\n\n<div class=\"gb-grid-column gb-grid-column-dc95e8b0\"><div class=\"gb-container gb-container-dc95e8b0\">\n\n<figure class=\"wp-block-image size-full is-resized\"><a href=\"https:\/\/de.linkedin.com\/company\/eliso-gmbh\"><img loading=\"lazy\" decoding=\"async\" width=\"40\" height=\"40\" src=\"https:\/\/eliso.io\/wp-content\/uploads\/2023\/09\/Pfad-481.png\" alt=\"\" class=\"wp-image-499\" style=\"width:40px;height:auto\"\/><\/a><\/figure>\n\n<\/div><\/div>\n<\/div>\n<\/div>\n<\/div>\n<\/div>","protected":false},"excerpt":{"rendered":"<p>Georgsmarienh\u00fctte, 14. Mai 2025 | eliso er\u00f6ffnet in Georgsmarienh\u00fctte den ersten Standort f\u00fcr das Deutschlandnetz. Es ist der erste von insgesamt 110 Standorten, f\u00fcr die der Ladeinfrastruktur-Spezialist eliso den Zuschlag in der Deutschlandnetz-Ausschreibung erhalten hat.<\/p>\n","protected":false},"author":9,"featured_media":5606,"comment_status":"closed","ping_status":"closed","sticky":false,"template":"","format":"standard","meta":{"_acf_changed":false,"footnotes":""},"categories":[7],"tags":[16,12,25,44,28,19,29,22,11,23,31,27,32],"class_list":["post-5600","post","type-post","status-publish","format-standard","has-post-thumbnail","hentry","category-presse","tag-e-mobilitaet","tag-elektroautos","tag-elektromobilitaet","tag-eliso","tag-ladeinfrastruktur","tag-ladenetz","tag-ladepark","tag-ladestation-parkplatz","tag-ladestationen","tag-partnerschaft","tag-schnellladen","tag-standortpartner","tag-ultra-schnellladen","no-featured-image-padding"],"acf":[],"yoast_head":"<!-- This site is optimized with the Yoast SEO plugin v28.4 - https:\/\/yoast.com\/product\/yoast-seo-wordpress\/ -->\n<title>Presse: eliso er\u00f6ffnet ersten Deutschlandnetz-Standort<\/title>\n<meta name=\"description\" content=\"eliso er\u00f6ffnet in Georgsmarienh\u00fctte den ersten Ladepark f\u00fcr das Deutschlandnetz. Am neuen Standort kann mit bis zu 400 kW geladen werden.\" \/>\n<meta name=\"robots\" content=\"index, follow, max-snippet:-1, max-image-preview:large, max-video-preview:-1\" \/>\n<link rel=\"canonical\" href=\"https:\/\/eliso.io\/partner\/eliso-eroeffnet-ersten-deutschlandnetz-standort\/\" \/>\n<meta property=\"og:locale\" content=\"de_DE\" \/>\n<meta property=\"og:type\" content=\"article\" \/>\n<meta property=\"og:title\" content=\"Presse: eliso er\u00f6ffnet ersten Deutschlandnetz-Standort\" \/>\n<meta property=\"og:description\" content=\"eliso er\u00f6ffnet in Georgsmarienh\u00fctte den ersten Ladepark f\u00fcr das Deutschlandnetz. Am neuen Standort kann mit bis zu 400 kW geladen werden.\" \/>\n<meta property=\"og:url\" content=\"https:\/\/eliso.io\/partner\/eliso-eroeffnet-ersten-deutschlandnetz-standort\/\" \/>\n<meta property=\"og:site_name\" content=\"Schnellladeinfrastruktur f\u00fcr Ihren Standort | eliso\" \/>\n<meta property=\"article:published_time\" content=\"2025-05-14T10:24:22+00:00\" \/>\n<meta property=\"article:modified_time\" content=\"2025-11-11T12:29:39+00:00\" \/>\n<meta property=\"og:image\" content=\"https:\/\/eliso.io\/partner\/wp-content\/uploads\/2025\/05\/Pressefoto_Georgsmarienhuette-scaled-e1754472605811.jpg\" \/>\n\t<meta property=\"og:image:width\" content=\"1200\" \/>\n\t<meta property=\"og:image:height\" content=\"800\" \/>\n\t<meta property=\"og:image:type\" content=\"image\/jpeg\" \/>\n<meta name=\"author\" content=\"redaktion\" \/>\n<meta name=\"twitter:card\" content=\"summary_large_image\" \/>\n<meta name=\"twitter:label1\" content=\"Verfasst von\" \/>\n\t<meta name=\"twitter:data1\" content=\"redaktion\" \/>\n\t<meta name=\"twitter:label2\" content=\"Gesch\u00e4tzte Lesezeit\" \/>\n\t<meta name=\"twitter:data2\" content=\"4\u00a0Minuten\" \/>\n<script type=\"application\/ld+json\" class=\"yoast-schema-graph\">{\"@context\":\"https:\\\/\\\/schema.org\",\"@graph\":[{\"@type\":\"Article\",\"@id\":\"https:\\\/\\\/eliso.io\\\/partner\\\/eliso-eroeffnet-ersten-deutschlandnetz-standort\\\/#article\",\"isPartOf\":{\"@id\":\"https:\\\/\\\/eliso.io\\\/partner\\\/eliso-eroeffnet-ersten-deutschlandnetz-standort\\\/\"},\"author\":{\"name\":\"redaktion\",\"@id\":\"https:\\\/\\\/eliso.io\\\/partner\\\/#\\\/schema\\\/person\\\/d138b4b84112946485b84cace07e42fa\"},\"headline\":\"eliso er\u00f6ffnet ersten Deutschlandnetz-Standort\",\"datePublished\":\"2025-05-14T10:24:22+00:00\",\"dateModified\":\"2025-11-11T12:29:39+00:00\",\"mainEntityOfPage\":{\"@id\":\"https:\\\/\\\/eliso.io\\\/partner\\\/eliso-eroeffnet-ersten-deutschlandnetz-standort\\\/\"},\"wordCount\":520,\"publisher\":{\"@id\":\"https:\\\/\\\/eliso.io\\\/partner\\\/#organization\"},\"image\":{\"@id\":\"https:\\\/\\\/eliso.io\\\/partner\\\/eliso-eroeffnet-ersten-deutschlandnetz-standort\\\/#primaryimage\"},\"thumbnailUrl\":\"https:\\\/\\\/eliso.io\\\/partner\\\/wp-content\\\/uploads\\\/2025\\\/05\\\/Pressefoto_Georgsmarienhuette-scaled-e1754472605811.jpg\",\"keywords\":[\"E-Mobilit\u00e4t\",\"Elektroautos\",\"Elektromobilit\u00e4t\",\"eliso\",\"Ladeinfrastruktur\",\"Ladenetz\",\"Ladepark\",\"Ladestation Parkplatz\",\"Ladestationen\",\"Partnerschaft\",\"Schnellladen\",\"Standortpartner\",\"Ultra-Schnellladen\"],\"articleSection\":[\"Presse\"],\"inLanguage\":\"de\"},{\"@type\":\"WebPage\",\"@id\":\"https:\\\/\\\/eliso.io\\\/partner\\\/eliso-eroeffnet-ersten-deutschlandnetz-standort\\\/\",\"url\":\"https:\\\/\\\/eliso.io\\\/partner\\\/eliso-eroeffnet-ersten-deutschlandnetz-standort\\\/\",\"name\":\"Presse: eliso er\u00f6ffnet ersten Deutschlandnetz-Standort\",\"isPartOf\":{\"@id\":\"https:\\\/\\\/eliso.io\\\/partner\\\/#website\"},\"primaryImageOfPage\":{\"@id\":\"https:\\\/\\\/eliso.io\\\/partner\\\/eliso-eroeffnet-ersten-deutschlandnetz-standort\\\/#primaryimage\"},\"image\":{\"@id\":\"https:\\\/\\\/eliso.io\\\/partner\\\/eliso-eroeffnet-ersten-deutschlandnetz-standort\\\/#primaryimage\"},\"thumbnailUrl\":\"https:\\\/\\\/eliso.io\\\/partner\\\/wp-content\\\/uploads\\\/2025\\\/05\\\/Pressefoto_Georgsmarienhuette-scaled-e1754472605811.jpg\",\"datePublished\":\"2025-05-14T10:24:22+00:00\",\"dateModified\":\"2025-11-11T12:29:39+00:00\",\"description\":\"eliso er\u00f6ffnet in Georgsmarienh\u00fctte den ersten Ladepark f\u00fcr das Deutschlandnetz. Am neuen Standort kann mit bis zu 400 kW geladen werden.\",\"breadcrumb\":{\"@id\":\"https:\\\/\\\/eliso.io\\\/partner\\\/eliso-eroeffnet-ersten-deutschlandnetz-standort\\\/#breadcrumb\"},\"inLanguage\":\"de\",\"potentialAction\":[{\"@type\":\"ReadAction\",\"target\":[\"https:\\\/\\\/eliso.io\\\/partner\\\/eliso-eroeffnet-ersten-deutschlandnetz-standort\\\/\"]}]},{\"@type\":\"ImageObject\",\"inLanguage\":\"de\",\"@id\":\"https:\\\/\\\/eliso.io\\\/partner\\\/eliso-eroeffnet-ersten-deutschlandnetz-standort\\\/#primaryimage\",\"url\":\"https:\\\/\\\/eliso.io\\\/partner\\\/wp-content\\\/uploads\\\/2025\\\/05\\\/Pressefoto_Georgsmarienhuette-scaled-e1754472605811.jpg\",\"contentUrl\":\"https:\\\/\\\/eliso.io\\\/partner\\\/wp-content\\\/uploads\\\/2025\\\/05\\\/Pressefoto_Georgsmarienhuette-scaled-e1754472605811.jpg\",\"width\":1200,\"height\":800,\"caption\":\"Standort eliso Deutschlandnetz\"},{\"@type\":\"BreadcrumbList\",\"@id\":\"https:\\\/\\\/eliso.io\\\/partner\\\/eliso-eroeffnet-ersten-deutschlandnetz-standort\\\/#breadcrumb\",\"itemListElement\":[{\"@type\":\"ListItem\",\"position\":1,\"name\":\"Startseite\",\"item\":\"https:\\\/\\\/eliso.io\\\/partner\\\/\"},{\"@type\":\"ListItem\",\"position\":2,\"name\":\"eliso er\u00f6ffnet ersten Deutschlandnetz-Standort\"}]},{\"@type\":\"WebSite\",\"@id\":\"https:\\\/\\\/eliso.io\\\/partner\\\/#website\",\"url\":\"https:\\\/\\\/eliso.io\\\/partner\\\/\",\"name\":\"Schnellladeinfrastruktur f\u00fcr Ihren Standort | eliso\",\"description\":\"Wir errichten und betreiben Schnellladestationen f\u00fcr Ihren Standort.\",\"publisher\":{\"@id\":\"https:\\\/\\\/eliso.io\\\/partner\\\/#organization\"},\"potentialAction\":[{\"@type\":\"SearchAction\",\"target\":{\"@type\":\"EntryPoint\",\"urlTemplate\":\"https:\\\/\\\/eliso.io\\\/partner\\\/?s={search_term_string}\"},\"query-input\":{\"@type\":\"PropertyValueSpecification\",\"valueRequired\":true,\"valueName\":\"search_term_string\"}}],\"inLanguage\":\"de\"},{\"@type\":\"Organization\",\"@id\":\"https:\\\/\\\/eliso.io\\\/partner\\\/#organization\",\"name\":\"Schnellladeinfrastruktur f\u00fcr Ihren Standort | eliso\",\"url\":\"https:\\\/\\\/eliso.io\\\/partner\\\/\",\"logo\":{\"@type\":\"ImageObject\",\"inLanguage\":\"de\",\"@id\":\"https:\\\/\\\/eliso.io\\\/partner\\\/#\\\/schema\\\/logo\\\/image\\\/\",\"url\":\"https:\\\/\\\/eliso.io\\\/partner\\\/wp-content\\\/uploads\\\/2023\\\/09\\\/cropped-Eliso-Logo-g-w-1.png\",\"contentUrl\":\"https:\\\/\\\/eliso.io\\\/partner\\\/wp-content\\\/uploads\\\/2023\\\/09\\\/cropped-Eliso-Logo-g-w-1.png\",\"width\":1009,\"height\":438,\"caption\":\"Schnellladeinfrastruktur f\u00fcr Ihren Standort | eliso\"},\"image\":{\"@id\":\"https:\\\/\\\/eliso.io\\\/partner\\\/#\\\/schema\\\/logo\\\/image\\\/\"}},{\"@type\":\"Person\",\"@id\":\"https:\\\/\\\/eliso.io\\\/partner\\\/#\\\/schema\\\/person\\\/d138b4b84112946485b84cace07e42fa\",\"name\":\"redaktion\",\"image\":{\"@type\":\"ImageObject\",\"inLanguage\":\"de\",\"@id\":\"https:\\\/\\\/secure.gravatar.com\\\/avatar\\\/1dec32e30c69b2dd0c59372b63767ce4919384698f9fe9ac78d34c949ca0a184?s=96&d=mm&r=g\",\"url\":\"https:\\\/\\\/secure.gravatar.com\\\/avatar\\\/1dec32e30c69b2dd0c59372b63767ce4919384698f9fe9ac78d34c949ca0a184?s=96&d=mm&r=g\",\"contentUrl\":\"https:\\\/\\\/secure.gravatar.com\\\/avatar\\\/1dec32e30c69b2dd0c59372b63767ce4919384698f9fe9ac78d34c949ca0a184?s=96&d=mm&r=g\",\"caption\":\"redaktion\"}}]}<\/script>\n<!-- \/ Yoast SEO plugin. -->","yoast_head_json":{"title":"Presse: eliso er\u00f6ffnet ersten Deutschlandnetz-Standort","description":"eliso er\u00f6ffnet in Georgsmarienh\u00fctte den ersten Ladepark f\u00fcr das Deutschlandnetz. Am neuen Standort kann mit bis zu 400 kW geladen werden.","robots":{"index":"index","follow":"follow","max-snippet":"max-snippet:-1","max-image-preview":"max-image-preview:large","max-video-preview":"max-video-preview:-1"},"canonical":"https:\/\/eliso.io\/partner\/eliso-eroeffnet-ersten-deutschlandnetz-standort\/","og_locale":"de_DE","og_type":"article","og_title":"Presse: eliso er\u00f6ffnet ersten Deutschlandnetz-Standort","og_description":"eliso er\u00f6ffnet in Georgsmarienh\u00fctte den ersten Ladepark f\u00fcr das Deutschlandnetz. Am neuen Standort kann mit bis zu 400 kW geladen werden.","og_url":"https:\/\/eliso.io\/partner\/eliso-eroeffnet-ersten-deutschlandnetz-standort\/","og_site_name":"Schnellladeinfrastruktur f\u00fcr Ihren Standort | eliso","article_published_time":"2025-05-14T10:24:22+00:00","article_modified_time":"2025-11-11T12:29:39+00:00","og_image":[{"width":1200,"height":800,"url":"https:\/\/eliso.io\/partner\/wp-content\/uploads\/2025\/05\/Pressefoto_Georgsmarienhuette-scaled-e1754472605811.jpg","type":"image\/jpeg"}],"author":"redaktion","twitter_card":"summary_large_image","twitter_misc":{"Verfasst von":"redaktion","Gesch\u00e4tzte Lesezeit":"4\u00a0Minuten"},"schema":{"@context":"https:\/\/schema.org","@graph":[{"@type":"Article","@id":"https:\/\/eliso.io\/partner\/eliso-eroeffnet-ersten-deutschlandnetz-standort\/#article","isPartOf":{"@id":"https:\/\/eliso.io\/partner\/eliso-eroeffnet-ersten-deutschlandnetz-standort\/"},"author":{"name":"redaktion","@id":"https:\/\/eliso.io\/partner\/#\/schema\/person\/d138b4b84112946485b84cace07e42fa"},"headline":"eliso er\u00f6ffnet ersten Deutschlandnetz-Standort","datePublished":"2025-05-14T10:24:22+00:00","dateModified":"2025-11-11T12:29:39+00:00","mainEntityOfPage":{"@id":"https:\/\/eliso.io\/partner\/eliso-eroeffnet-ersten-deutschlandnetz-standort\/"},"wordCount":520,"publisher":{"@id":"https:\/\/eliso.io\/partner\/#organization"},"image":{"@id":"https:\/\/eliso.io\/partner\/eliso-eroeffnet-ersten-deutschlandnetz-standort\/#primaryimage"},"thumbnailUrl":"https:\/\/eliso.io\/partner\/wp-content\/uploads\/2025\/05\/Pressefoto_Georgsmarienhuette-scaled-e1754472605811.jpg","keywords":["E-Mobilit\u00e4t","Elektroautos","Elektromobilit\u00e4t","eliso","Ladeinfrastruktur","Ladenetz","Ladepark","Ladestation Parkplatz","Ladestationen","Partnerschaft","Schnellladen","Standortpartner","Ultra-Schnellladen"],"articleSection":["Presse"],"inLanguage":"de"},{"@type":"WebPage","@id":"https:\/\/eliso.io\/partner\/eliso-eroeffnet-ersten-deutschlandnetz-standort\/","url":"https:\/\/eliso.io\/partner\/eliso-eroeffnet-ersten-deutschlandnetz-standort\/","name":"Presse: eliso er\u00f6ffnet ersten Deutschlandnetz-Standort","isPartOf":{"@id":"https:\/\/eliso.io\/partner\/#website"},"primaryImageOfPage":{"@id":"https:\/\/eliso.io\/partner\/eliso-eroeffnet-ersten-deutschlandnetz-standort\/#primaryimage"},"image":{"@id":"https:\/\/eliso.io\/partner\/eliso-eroeffnet-ersten-deutschlandnetz-standort\/#primaryimage"},"thumbnailUrl":"https:\/\/eliso.io\/partner\/wp-content\/uploads\/2025\/05\/Pressefoto_Georgsmarienhuette-scaled-e1754472605811.jpg","datePublished":"2025-05-14T10:24:22+00:00","dateModified":"2025-11-11T12:29:39+00:00","description":"eliso er\u00f6ffnet in Georgsmarienh\u00fctte den ersten Ladepark f\u00fcr das Deutschlandnetz. Am neuen Standort kann mit bis zu 400 kW geladen werden.","breadcrumb":{"@id":"https:\/\/eliso.io\/partner\/eliso-eroeffnet-ersten-deutschlandnetz-standort\/#breadcrumb"},"inLanguage":"de","potentialAction":[{"@type":"ReadAction","target":["https:\/\/eliso.io\/partner\/eliso-eroeffnet-ersten-deutschlandnetz-standort\/"]}]},{"@type":"ImageObject","inLanguage":"de","@id":"https:\/\/eliso.io\/partner\/eliso-eroeffnet-ersten-deutschlandnetz-standort\/#primaryimage","url":"https:\/\/eliso.io\/partner\/wp-content\/uploads\/2025\/05\/Pressefoto_Georgsmarienhuette-scaled-e1754472605811.jpg","contentUrl":"https:\/\/eliso.io\/partner\/wp-content\/uploads\/2025\/05\/Pressefoto_Georgsmarienhuette-scaled-e1754472605811.jpg","width":1200,"height":800,"caption":"Standort eliso Deutschlandnetz"},{"@type":"BreadcrumbList","@id":"https:\/\/eliso.io\/partner\/eliso-eroeffnet-ersten-deutschlandnetz-standort\/#breadcrumb","itemListElement":[{"@type":"ListItem","position":1,"name":"Startseite","item":"https:\/\/eliso.io\/partner\/"},{"@type":"ListItem","position":2,"name":"eliso er\u00f6ffnet ersten Deutschlandnetz-Standort"}]},{"@type":"WebSite","@id":"https:\/\/eliso.io\/partner\/#website","url":"https:\/\/eliso.io\/partner\/","name":"Schnellladeinfrastruktur f\u00fcr Ihren Standort | eliso","description":"Wir errichten und betreiben Schnellladestationen f\u00fcr Ihren Standort.","publisher":{"@id":"https:\/\/eliso.io\/partner\/#organization"},"potentialAction":[{"@type":"SearchAction","target":{"@type":"EntryPoint","urlTemplate":"https:\/\/eliso.io\/partner\/?s={search_term_string}"},"query-input":{"@type":"PropertyValueSpecification","valueRequired":true,"valueName":"search_term_string"}}],"inLanguage":"de"},{"@type":"Organization","@id":"https:\/\/eliso.io\/partner\/#organization","name":"Schnellladeinfrastruktur f\u00fcr Ihren Standort | eliso","url":"https:\/\/eliso.io\/partner\/","logo":{"@type":"ImageObject","inLanguage":"de","@id":"https:\/\/eliso.io\/partner\/#\/schema\/logo\/image\/","url":"https:\/\/eliso.io\/partner\/wp-content\/uploads\/2023\/09\/cropped-Eliso-Logo-g-w-1.png","contentUrl":"https:\/\/eliso.io\/partner\/wp-content\/uploads\/2023\/09\/cropped-Eliso-Logo-g-w-1.png","width":1009,"height":438,"caption":"Schnellladeinfrastruktur f\u00fcr Ihren Standort | eliso"},"image":{"@id":"https:\/\/eliso.io\/partner\/#\/schema\/logo\/image\/"}},{"@type":"Person","@id":"https:\/\/eliso.io\/partner\/#\/schema\/person\/d138b4b84112946485b84cace07e42fa","name":"redaktion","image":{"@type":"ImageObject","inLanguage":"de","@id":"https:\/\/secure.gravatar.com\/avatar\/1dec32e30c69b2dd0c59372b63767ce4919384698f9fe9ac78d34c949ca0a184?s=96&d=mm&r=g","url":"https:\/\/secure.gravatar.com\/avatar\/1dec32e30c69b2dd0c59372b63767ce4919384698f9fe9ac78d34c949ca0a184?s=96&d=mm&r=g","contentUrl":"https:\/\/secure.gravatar.com\/avatar\/1dec32e30c69b2dd0c59372b63767ce4919384698f9fe9ac78d34c949ca0a184?s=96&d=mm&r=g","caption":"redaktion"}}]}},"_links":{"self":[{"href":"https:\/\/eliso.io\/partner\/wp-json\/wp\/v2\/posts\/5600","targetHints":{"allow":["GET"]}}],"collection":[{"href":"https:\/\/eliso.io\/partner\/wp-json\/wp\/v2\/posts"}],"about":[{"href":"https:\/\/eliso.io\/partner\/wp-json\/wp\/v2\/types\/post"}],"author":[{"embeddable":true,"href":"https:\/\/eliso.io\/partner\/wp-json\/wp\/v2\/users\/9"}],"replies":[{"embeddable":true,"href":"https:\/\/eliso.io\/partner\/wp-json\/wp\/v2\/comments?post=5600"}],"version-history":[{"count":5,"href":"https:\/\/eliso.io\/partner\/wp-json\/wp\/v2\/posts\/5600\/revisions"}],"predecessor-version":[{"id":5716,"href":"https:\/\/eliso.io\/partner\/wp-json\/wp\/v2\/posts\/5600\/revisions\/5716"}],"wp:featuredmedia":[{"embeddable":true,"href":"https:\/\/eliso.io\/partner\/wp-json\/wp\/v2\/media\/5606"}],"wp:attachment":[{"href":"https:\/\/eliso.io\/partner\/wp-json\/wp\/v2\/media?parent=5600"}],"wp:term":[{"taxonomy":"category","embeddable":true,"href":"https:\/\/eliso.io\/partner\/wp-json\/wp\/v2\/categories?post=5600"},{"taxonomy":"post_tag","embeddable":true,"href":"https:\/\/eliso.io\/partner\/wp-json\/wp\/v2\/tags?post=5600"}],"curies":[{"name":"wp","href":"https:\/\/api.w.org\/{rel}","templated":true}]}}